{"id":1880,"date":"2025-02-27T11:47:03","date_gmt":"2025-02-27T10:47:03","guid":{"rendered":"https:\/\/isfp.cz\/2025\/?p=1880"},"modified":"2025-02-27T11:52:41","modified_gmt":"2025-02-27T10:52:41","slug":"robert-balzar-trio","status":"publish","type":"post","link":"https:\/\/isfp.cz\/2025\/en\/artists\/robert-balzar-trio\/","title":{"rendered":"Robert Balzar Trio"},"content":{"rendered":"<p data-start=\"126\" data-end=\"533\">A powerful force in contemporary jazz since its inception in 1996, Robert Balzar Trio has captivated audiences worldwide with its distinctive sound and improvisational brilliance. With six critically acclaimed albums and one live DVD to their name, the trio continues to push the boundaries of jazz, blending original compositions with inventive reinterpretations of jazz standards.<\/p>\n<p data-start=\"535\" data-end=\"1134\">The trio\u2019s repertoire primarily consists of original works, reflecting the individual voices of its members, alongside sophisticated arrangements of jazz classics. Their music weaves together diverse influences, from traditional jazz to modern experimental sounds, creating a unique blend that resonates with listeners on a deep level. Robert Balzar Trio has performed at renowned festivals and concert venues across the globe, including in the USA, UK, Turkey, Sweden, Hungary, Israel, and many others, earning a reputation as one of the most exciting jazz ensembles to emerge from the Czech scene.<\/p>\n<p data-start=\"1136\" data-end=\"1649\">The lineup of the trio has evolved over the years, culminating in the current formation of <strong data-start=\"1227\" data-end=\"1244\">Robert Balzar<\/strong> (double bass), <strong data-start=\"1260\" data-end=\"1277\">V\u00edtek K\u0159i\u0161\u0165an<\/strong> (piano), and <strong data-start=\"1291\" data-end=\"1307\">Kamil Slez\u00e1k<\/strong> (drums). Each member brings a wealth of experience and a personal touch to the group, creating a perfect balance of harmony, rhythm, and improvisation. Balzar\u2019s expressive bass, K\u0159i\u0161\u0165an\u2019s lyrical piano, and Slez\u00e1k\u2019s dynamic drumming form the backbone of this exceptional trio, whose music speaks to both jazz aficionados and newcomers alike.<\/p>\n<p data-start=\"1651\" data-end=\"2006\">The trio\u2019s performances are marked by their deep musical connection, outstanding technical skill, and a sense of spontaneity that elevates every live performance into a unique experience. Their energy, creativity, and passion for jazz continue to inspire and captivate audiences, making Robert Balzar Trio a must-see act in the world of contemporary jazz.<\/p>\n<p><a href=\"https:\/\/youtu.be\/lZzill1kS4o?si=aUFg_3asEPJQKV9x\">LISTEN!<\/a><\/p>\n<p>&nbsp;<\/p>\n","protected":false},"excerpt":{"rendered":"<p>A powerful force in contemporary jazz<\/p>\n","protected":false},"author":3,"featured_media":1881,"comment_status":"closed","ping_status":"closed","sticky":false,"template":"","format":"standard","meta":{"inline_featured_image":false,"_wp_rev_ctl_limit":""},"categories":[16,20],"tags":[],"_links":{"self":[{"href":"https:\/\/isfp.cz\/2025\/en\/wp-json\/wp\/v2\/posts\/1880"}],"collection":[{"href":"https:\/\/isfp.cz\/2025\/en\/wp-json\/wp\/v2\/posts"}],"about":[{"href":"https:\/\/isfp.cz\/2025\/en\/wp-json\/wp\/v2\/types\/post"}],"author":[{"embeddable":true,"href":"https:\/\/isfp.cz\/2025\/en\/wp-json\/wp\/v2\/users\/3"}],"replies":[{"embeddable":true,"href":"https:\/\/isfp.cz\/2025\/en\/wp-json\/wp\/v2\/comments?post=1880"}],"version-history":[{"count":2,"href":"https:\/\/isfp.cz\/2025\/en\/wp-json\/wp\/v2\/posts\/1880\/revisions"}],"predecessor-version":[{"id":1889,"href":"https:\/\/isfp.cz\/2025\/en\/wp-json\/wp\/v2\/posts\/1880\/revisions\/1889"}],"wp:featuredmedia":[{"embeddable":true,"href":"https:\/\/isfp.cz\/2025\/en\/wp-json\/wp\/v2\/media\/1881"}],"wp:attachment":[{"href":"https:\/\/isfp.cz\/2025\/en\/wp-json\/wp\/v2\/media?parent=1880"}],"wp:term":[{"taxonomy":"category","embeddable":true,"href":"https:\/\/isfp.cz\/2025\/en\/wp-json\/wp\/v2\/categories?post=1880"},{"taxonomy":"post_tag","embeddable":true,"href":"https:\/\/isfp.cz\/2025\/en\/wp-json\/wp\/v2\/tags?post=1880"}],"curies":[{"name":"wp","href":"https:\/\/api.w.org\/{rel}","templated":true}]}}