{"id":736,"date":"2024-09-08T17:05:20","date_gmt":"2024-09-08T15:05:20","guid":{"rendered":"https:\/\/isfp.cz\/2025\/uncategorized-cs\/14th-international-shakuhachi-festival-prague\/"},"modified":"2024-11-06T14:15:35","modified_gmt":"2024-11-06T13:15:35","slug":"14th-international-shakuhachi-festival-prague","status":"publish","type":"post","link":"https:\/\/isfp.cz\/2025\/cs\/novinky\/14th-international-shakuhachi-festival-prague\/","title":{"rendered":"Pozv\u00e1nka um\u011bleck\u00e9ho \u0159editele Marka Kimei Matviji na 15. ro\u010dn\u00edk ISFP"},"content":{"rendered":"<p>Zdrav\u00edm v\u0161echny milovn\u00edky hudby a japonsk\u00e9 kultury!<br \/>\nR\u00e1d bych v\u00e1m p\u0159edstavil 15. ro\u010dn\u00edk mezin\u00e1rodn\u00edho festivalu japonsk\u00e9 a nov\u00e9 hudby International Shakuhachi Festival Prague. N\u00e1\u0161 festival se kon\u00e1 ka\u017ed\u00e9 dva roky v Praze a host\u00ed \u0161pi\u010dkov\u00e9 hr\u00e1\u010de na japonskou fl\u00e9tnu shakuhachi [\u0161akuha\u010di] a koto z Japonska a cel\u00e9ho sv\u011bta.<br \/>\n\u010cek\u00e1 v\u00e1s p\u011bt dn\u00ed koncert\u016f, workshop\u016f, studijn\u00edch skupin a p\u0159edn\u00e1\u0161ek spojen\u00fdch s tradi\u010dn\u00ed a novou hudbu pro japonsk\u00e9 n\u00e1stroje.<\/p>\n<p><!--more--><\/p>\n<p><strong>Z Tokia do Prahy<\/strong><\/p>\n<p>Pro 15. Ro\u010dn\u00edk na\u0161eho festivalu se n\u00e1m poda\u0159ilo do Prahy p\u0159iv\u00e9st unik\u00e1tn\u00edho hosta &#8211; <a href=\"https:\/\/isfp.cz\/2025\/cs\/umelci\/the-shakuhachi-5\/\">The Shakuhachi 5<\/a>. P\u011bti\u010dlenn\u00fd ans\u00e1mbl hv\u011bzdn\u00fdch hr\u00e1\u010d\u016f na shakuhachi. Ka\u017ed\u00fd \u010dlen reprezentuje jin\u00fd styl hry, ka\u017ed\u00fd m\u00e1 velkou s\u00f3lovou kari\u00e9ru, a ka\u017ed\u00fd m\u00e1 jedine\u010dn\u00fd zvuk. Spole\u010dn\u011b p\u0159edstavuj\u00ed novou generaci hr\u00e1\u010d\u016f se sou\u010dasn\u00fdm hudebn\u00edm my\u0161len\u00edm a neb\u00fdvalou virtuozitou.<br \/>\nV Japonsku existuje tradice podobn\u00fdch eklektick\u00fdch soubor\u016f sdru\u017euj\u00edc\u00ed \u0161pi\u010dkov\u00e9 hr\u00e1\u010de, uve\u010fme nap\u0159\u00edklad Shakuhachi Sanbon Kai trio (H\u014dzan, Yokoyama, Reib\u014d) nebo Tokyo Sanj\u016bs\u014ddan (Miyata, Muraoka, Yokoyama). Poprv\u00e9 v historii v\u0161ak vznikl \u0161pi\u010dkov\u00fd p\u011bti\u010dlenn\u00fd ans\u00e1mbl.<br \/>\nJeliko\u017e v dob\u011b vzniku souboru prakticky neexistoval \u017e\u00e1dn\u00fd reperto\u00e1r pro p\u011bt fl\u00e9ten shakuhachi, oslovili jeho \u010dlenov\u00e9 \u0159adu \u0161pi\u010dkov\u00fdch skladatel\u016f. I n\u00e1\u0161 festival byl tehdy u toho a p\u0159isp\u011bl k t\u00e9to tv\u016fr\u010d\u00ed misi. Spole\u010dn\u011b s Jamesem Schleferem, v\u00fdznamn\u00fdm hr\u00e1\u010dem z New Yorku, jsme spolufinancovali objedn\u00e1vku nov\u00e9 skladby od britsko-japonsk\u00e9ho skladatele Daie Fujikury. Skladba m\u011bla premi\u00e9ru na prvn\u00edm koncert\u011b The Shakuhachi 5 v roce 2020.<br \/>\nSpolupr\u00e1ce mezi The Shakuhachi 5 a ISFP d\u00e1le pokra\u010duje. Na jejich koncertu v Praze zazn\u00ed nov\u00e1 skladba v\u00fdjime\u010dn\u00e9ho \u010desk\u00e9ho skladatele <a href=\"https:\/\/isfp.cz\/2025\/cs\/umelci\/miroslav-srnka\/\">Miroslava Srnky<\/a> doprovozen\u00e1 kr\u00e1tk\u00fdm filmem Marka Matviji.<\/p>\n<p><strong>Japonsko, jak ho nezn\u00e1te &#8211; mlad\u00e9 a v\u00e1\u0161niv\u00e9<\/strong><\/p>\n<p>M\u00e1m velkou radost, \u017ee se n\u00e1m da\u0159\u00ed uv\u00e1d\u011bt osobitou japonskou hudbu prodchnutou v\u00e1\u0161n\u00ed ke zvuku. Nediskriminuje tzv. \u201cnehudebn\u00ed\u201d zvuky, naopak je pozoruje, inscenuje a nech\u00e1v\u00e1 se jimi strhnout.<br \/>\nJi\u017e te\u010f napjat\u011b o\u010dek\u00e1v\u00e1m recit\u00e1l japonsk\u00e9 hr\u00e1\u010dky na koto Naoko Kikuchi, kter\u00e1 se na n\u00e1\u0161 festival vrac\u00ed, aby p\u0159edvedla sv\u016fj recit\u00e1l slo\u017een\u00fd p\u0159\u00edmo pro n\u00e1\u0161 festival. P\u0159ijede v doprovodu sv\u00fdch student\u016f a spole\u010dn\u011b provedou v \u010cech\u00e1ch dosud nesly\u0161enou energickou soubornou skladbu pro koto Homura Tadao Sawaie.<br \/>\nEnergick\u00fd jazz \u010derpaj\u00edc\u00ed z japonsk\u00e9 folkl\u00f3rn\u00ed estetiky p\u0159edstav\u00ed John Kaizan Neptune a Akihisa Kominato spole\u010dn\u011b s \u010desk\u00fdmi jazzmany.<br \/>\nDramaturgii z\u00e1v\u011bre\u010dn\u00e9ho koncertu, po\u0159\u00e1dan\u00e9ho spole\u010dn\u011b s<a href=\"https:\/\/isfp.cz\/2025\/cs\/umelci\/berg-orchestra\/\"> Orchestrem BERG<\/a>, WAKAMONO (ml\u00e1d\u00ed) p\u0159ipravil jeho dirigent Peter Vr\u00e1bel. Jak ji\u017e n\u00e1zev napov\u00edd\u00e1, zazn\u00ed skladby skv\u011bl\u00fdch mlad\u00fdch skladatel\u016f z Japonska a \u010cR. Peterova hudebn\u00ed zku\u0161enost a odv\u00e1\u017en\u00e1 dramaturgick\u00e1 imaginace m\u011b velmi bav\u00ed. Od roku 2016, kdy jsme s BERGem za\u010dali spolupracovat, m\u00e1me za sebou p\u011bt spole\u010dn\u00fdch koncert\u016f. Ka\u017ed\u00fd z nich m\u011bl v\u00fdjime\u010dnou dramaturgii, sc\u00e9nografii i m\u00edsto kon\u00e1n\u00ed. Trouf\u00e1m si tvrdit, \u017ee pr\u00e1ce Petera Vr\u00e1bela a Evy Kesslov\u00e9 z orchestru BERG je na sv\u011btov\u00e9 \u00farovni a ohlas t\u011bchto koncert\u016f u na\u0161ich zahrani\u010dn\u00edch host\u016f tomu odpov\u00edd\u00e1.<\/p>\n<p><strong>V\u00fduka a vn\u00edm\u00e1n\u00ed<\/strong><\/p>\n<p>Pravidlem na\u0161eho festivalu je, \u017ee hlavn\u00ed host\u00e9 vystupuj\u00ed i vyu\u010duj\u00ed. Hlavn\u00edmi hosty ISFP 2025 jsou tito hr\u00e1\u010di na shakuhachi a koto: <a href=\"https:\/\/isfp.cz\/2025\/cs\/umelci\/kenichi-tajima\/\">Ken-ichi Tajima<\/a>, <a href=\"https:\/\/isfp.cz\/2025\/cs\/umelci\/naoko-kikuchi\/\">Naoko Kikuchi<\/a>, <a href=\"https:\/\/isfp.cz\/2025\/cs\/umelci\/akihito-obama\/\">Akihito Obama<\/a>, <a href=\"https:\/\/isfp.cz\/2025\/cs\/umelci\/john-kaizan-neptune\/\">John Kaizan Neptune<\/a>, <a href=\"https:\/\/isfp.cz\/2025\/cs\/umelci\/reison-kuroda\/\">Reison Kuroda<\/a>, <a href=\"https:\/\/isfp.cz\/2025\/cs\/umelci\/kizan-kawamura\/\">Kizan Kawamura<\/a>, <a href=\"https:\/\/isfp.cz\/2025\/cs\/umelci\/akihisa-kominato\/\">Akihisa Kominato,<\/a>\u00a0<a href=\"https:\/\/isfp.cz\/2025\/cs\/?p=871\">Gunnar Jinmei Linder<\/a>, <a href=\"https:\/\/isfp.cz\/2025\/cs\/umelci\/dietmar-ippu-herriger\/\">Dietmar Ippu Herriger<\/a> a dal\u0161\u00ed budou je\u0161t\u011b potvrzeni.<br \/>\nT\u011b\u0161\u00ed m\u011b, \u017ee se n\u00e1m poda\u0159ilo v\u00fdrazn\u011b roz\u0161\u00ed\u0159it v\u00fduku spole\u010dn\u00fdch skladeb pro koto a shakuhachi. Na tomto programu budou spolupracovat John Kaizan Neptune, legenda jazzov\u00e9 shakuhachi a Naoko Kikuchi, \u0161pi\u010dkov\u00e1 kotistka \u0161koly Sawai \u017eij\u00edc\u00ed v N\u011bmecku. Neptune je autorem \u0159ady \u00fasp\u011b\u0161n\u00fdch skladeb, kter\u00e9 jsou p\u0159\u00edstupn\u00e9 japonsk\u00e9mu i z\u00e1padn\u00edmu hudebn\u00edmu my\u0161len\u00ed. V\u00fdb\u011br z t\u011bchto skladeb bude osobn\u011b vyu\u010dovat.<br \/>\nNa\u0161im n\u00e1v\u0161t\u011bvn\u00edk\u016f se sna\u017e\u00edme nab\u00eddnout i rozhled mimo sf\u00e9ru japonsk\u00e9 hudby. Ve spolupr\u00e1ci s pra\u017eskou HAMU a jej\u00edm pedagogem Tom\u00e1\u0161em Reindlem se dne 19. \u010dervna kon\u00e1 <a href=\"https:\/\/isfp.cz\/2025\/en\/symposium\/\">symposium na t\u00e9ma Music, Therapy, Meditation, Spirituality<\/a>. Sv\u00e9 v\u00fdzkumy a zku\u0161enosti p\u0159edstav\u00ed akademici, skladatel\u00e9, terapeuti a performe\u0159i.<\/p>\n<p>Festivalov\u00fdm centrem a ofici\u00e1ln\u00edm partnerem festivalu je Hudebn\u00ed fakulta Akademie m\u00fazick\u00fdch um\u011bn\u00ed (HAMU). V\u0161echny kurzy se tak budou konat v renesan\u010dn\u00edm pal\u00e1ci HAMU v historick\u00e9m centru Prahy. Na HAMU se budou konat komunitn\u00ed matin\u00e9e z \u0159ady Curated Open Mic na nich\u017e vystupuj\u00ed profesion\u00e1ln\u00ed i amat\u00e9r\u0161t\u00ed hr\u00e1\u010di. Dal\u0161\u00ed koncerty budou na Novom\u011bstsk\u00e9 radnici a na dal\u0161\u00edch m\u00edstech, kter\u00e1 jsou v tuto chv\u00edli v jedn\u00e1n\u00ed.<br \/>\nAkce, jako je ISFP, jsou podn\u011btem pro rozvoj evropsk\u00e9 shakuhachi. Douf\u00e1m, \u017ee se tam uvid\u00edme.<\/p>\n<p>S pozdravem,<br \/>\nMarek Kimei Matvija<br \/>\nUm\u011bleck\u00fd \u0159editel<br \/>\nInternational Shakuhachi Festival Prague 2025<\/p>\n","protected":false},"excerpt":{"rendered":"<p>Zdrav\u00edm v\u0161echny milovn\u00edky hudby a japonsk\u00e9 kultury! R\u00e1d bych v\u00e1m p\u0159edstavil 15. ro\u010dn\u00edk mezin\u00e1rodn\u00edho festivalu japonsk\u00e9 a nov\u00e9 hudby International Shakuhachi Festival Prague. N\u00e1\u0161 festival se kon\u00e1 ka\u017ed\u00e9 dva roky v Praze a host\u00ed \u0161pi\u010dkov\u00e9 hr\u00e1\u010de na japonskou fl\u00e9tnu shakuhachi [\u0161akuha\u010di] a koto z Japonska a cel\u00e9ho sv\u011bta. \u010cek\u00e1 v\u00e1s p\u011bt dn\u00ed koncert\u016f, workshop\u016f, studijn\u00edch&#8230;<\/p>\n","protected":false},"author":3,"featured_media":617,"comment_status":"closed","ping_status":"closed","sticky":false,"template":"","format":"standard","meta":{"inline_featured_image":false,"_wp_rev_ctl_limit":""},"categories":[30],"tags":[],"_links":{"self":[{"href":"https:\/\/isfp.cz\/2025\/cs\/wp-json\/wp\/v2\/posts\/736"}],"collection":[{"href":"https:\/\/isfp.cz\/2025\/cs\/wp-json\/wp\/v2\/posts"}],"about":[{"href":"https:\/\/isfp.cz\/2025\/cs\/wp-json\/wp\/v2\/types\/post"}],"author":[{"embeddable":true,"href":"https:\/\/isfp.cz\/2025\/cs\/wp-json\/wp\/v2\/users\/3"}],"replies":[{"embeddable":true,"href":"https:\/\/isfp.cz\/2025\/cs\/wp-json\/wp\/v2\/comments?post=736"}],"version-history":[{"count":3,"href":"https:\/\/isfp.cz\/2025\/cs\/wp-json\/wp\/v2\/posts\/736\/revisions"}],"predecessor-version":[{"id":1555,"href":"https:\/\/isfp.cz\/2025\/cs\/wp-json\/wp\/v2\/posts\/736\/revisions\/1555"}],"wp:featuredmedia":[{"embeddable":true,"href":"https:\/\/isfp.cz\/2025\/cs\/wp-json\/wp\/v2\/media\/617"}],"wp:attachment":[{"href":"https:\/\/isfp.cz\/2025\/cs\/wp-json\/wp\/v2\/media?parent=736"}],"wp:term":[{"taxonomy":"category","embeddable":true,"href":"https:\/\/isfp.cz\/2025\/cs\/wp-json\/wp\/v2\/categories?post=736"},{"taxonomy":"post_tag","embeddable":true,"href":"https:\/\/isfp.cz\/2025\/cs\/wp-json\/wp\/v2\/tags?post=736"}],"curies":[{"name":"wp","href":"https:\/\/api.w.org\/{rel}","templated":true}]}}