{"id":1932,"date":"2025-03-19T22:28:03","date_gmt":"2025-03-19T21:28:03","guid":{"rendered":"https:\/\/isfp.cz\/2025\/?p=1932"},"modified":"2025-03-19T22:34:28","modified_gmt":"2025-03-19T21:34:28","slug":"posledni-rocnik-isfp-se-blizi","status":"publish","type":"post","link":"https:\/\/isfp.cz\/2025\/cs\/novinky\/posledni-rocnik-isfp-se-blizi\/","title":{"rendered":"ISFP 2025 \u2013 15. a posledn\u00ed ro\u010dn\u00edk International Shakuhachi Festival Prague"},"content":{"rendered":"<p><b>V\u00e1\u017een\u00ed p\u0159\u00e1tel\u00e9 International Shakuhachi Festival Prague,<\/b><\/p>\n<p><span style=\"font-weight: 400\">jako jeho um\u011bleck\u00fd \u0159editel bych v\u00e1m r\u00e1d dal v\u011bd\u011bt, \u017ee nadch\u00e1zej\u00edc\u00ed ro\u010dn\u00edk ISFP bude t\u00edm posledn\u00edm.<\/span><\/p>\n<p><span style=\"font-weight: 400\">A\u010dkoliv festival v posledn\u00edch letech rostl v um\u011bleck\u00e9 kvalit\u011b i rozsahu, v roce 2025 byla ve\u0159ejn\u00e1 podpora akce t\u00e9m\u011b\u0159 v\u0161echna zam\u00edtnuta. V minul\u00fdch letech jsme dost\u00e1vali pozitivn\u00ed zp\u011btnou vazbu za podporu rozmanitosti kulturn\u00ed sc\u00e9ny a za propojov\u00e1n\u00ed \u010desk\u00e9 a pra\u017esk\u00e9 hudebn\u00ed sc\u00e9ny se zahrani\u010d\u00edm. Bohu\u017eel kulturn\u00ed politika se z\u0159ejm\u011b zm\u011bnila a na\u0161e akce se stala p\u0159\u00edli\u0161 neobvyklou.<\/span><\/p>\n<p><span style=\"font-weight: 400\">Bez varov\u00e1n\u00ed nyn\u00ed \u010del\u00edme finan\u010dn\u00ed krizi, p\u0159i\u010dem\u017e do zah\u00e1jen\u00ed festivalu zb\u00fdvaj\u00ed jen m\u011bs\u00edce.<\/span><\/p>\n<p><span style=\"font-weight: 400\">Od roku 2007 se festival postupn\u011b stal kl\u00ed\u010dovou akc\u00ed shakuhachi komunity v Evrop\u011b, kter\u00e1 rozv\u00edjela a vzd\u011bl\u00e1vala jej\u00ed \u010dleny. V\u00fdznamn\u00ed mist\u0159i z Japonska a cel\u00e9ho sv\u011bta p\u0159ij\u00ed\u017ed\u011bli do Prahy, aby zde velkoryse sd\u00edleli sv\u00e9 dovednosti a sv\u016fj hudebn\u00ed byt\u00ed. Mnoho Evropan\u016f za\u010dalo a prohloubilo svou celo\u017eivotn\u00ed cestu za efem\u00e9rn\u00edm zvukem shakuhachi. N\u011bkte\u0159\u00ed se dokonce rozhodli st\u00e1t se profesion\u00e1ln\u00edmi hr\u00e1\u010di.<\/span><span style=\"font-weight: 400\"><br \/>\n<\/span><span style=\"font-weight: 400\">I j\u00e1 jsem se stal jedn\u00edm z nich. V mezin\u00e1rodn\u00ed komunit\u011b fl\u00e9tny shakuhachi jsem na\u0161el n\u011bkter\u00e9 z nejv\u00edce inspiruj\u00edc\u00edch lid\u00ed, kte\u0159\u00ed zm\u011bnili m\u016fj \u017eivot. Bylo mi ct\u00ed v\u00e9st festival v uplynul\u00fdch letech. Nav\u017edy budu vd\u011b\u010dn\u00fd za v\u0161e, co jsem se nau\u010dil v oblasti hudby, dramaturgie a lidsk\u00e9 laskavosti.<\/span><\/p>\n<p><span style=\"font-weight: 400\">Festival b\u011bhem sv\u00e9 historie uvedl des\u00edtky sv\u011btov\u00fdch a evropsk\u00fdch premi\u00e9r a spole\u010dn\u011b jsme pro\u017eili nespo\u010det moment\u016f sd\u00edlen\u00ed um\u011bleck\u00e9ho objevov\u00e1n\u00ed a mezi\u017e\u00e1nrov\u00fdch spolupr\u00e1c\u00ed. Od roku 2016 n\u00e1\u0161 festival pravideln\u011b uv\u00e1d\u00ed novou hudbu pro shakuhachi a velk\u00e9 soubory d\u00edky na\u0161emu partnerstv\u00ed s oce\u0148ovan\u00fdm orchestrem BERG. Zapojen\u00ed \u010desk\u00fdch a mezin\u00e1rodn\u00edch skladatel\u016f, hudebn\u00edk\u016f a um\u011blc\u016f bylo sou\u010d\u00e1st\u00ed na\u0161\u00ed vize, jak posunout shakuhachi na sv\u011btovou sc\u00e9nu. S vd\u011b\u010dnost\u00ed se ohl\u00ed\u017e\u00edme za v\u00fdjime\u010dn\u00fdmi ud\u00e1lostmi, kter\u00e9 jsme spole\u010dn\u011b vytvo\u0159ili.<\/span><\/p>\n<p><b>\u201eInter arma silent Musae\u201c<\/b><span style=\"font-weight: 400\"><br \/>\n<\/span><span style=\"font-weight: 400\">Mezin\u00e1rodn\u00ed ud\u00e1lost rozsahu ISFP se obzvl\u00e1\u0161t\u011b spol\u00e9h\u00e1 na stabilitu, kter\u00e1 n\u00e1sledn\u011b vy\u0161\u0161\u00ed um\u011bleckou kvalitu a kulturn\u00ed rozmanitost. Um\u011bleck\u00e1 partnerstv\u00ed se neuzav\u00edraj\u00ed z m\u011bs\u00edce na m\u011bs\u00edc, ale jsou p\u0159ipravov\u00e1ny dlouh\u00e1 l\u00e9ta.\u00a0 Nyn\u00ed si uv\u011bdomujeme, \u017ee i p\u0159es dlouh\u00fd v\u00fd\u010det komunitn\u00edch i \u0161pi\u010dkov\u00fdch akc\u00ed, n\u00e1m m\u016f\u017ee b\u00fdt financov\u00e1n\u00ed kdykoliv odm\u00edtnuto. V sou\u010dasn\u00e9 dob\u011b postr\u00e1d\u00e1me stabilitu, kter\u00e1 n\u00e1m kdysi d\u00e1vala nad\u011bji, \u017ee na\u0161e akce m\u016f\u017ee b\u00fdt udr\u017eiteln\u00e1. Z\u00e1rove\u0148 vn\u00edm\u00e1me bou\u0159liv\u00fd v\u00fdvoj na sv\u011btov\u00e9 sc\u00e9n\u011b, kter\u00fd slibuje za\u010d\u00e1tek velmi turbulentn\u00ed \u00e9ry.<\/span><\/p>\n<p><span style=\"font-weight: 400\">R\u00e1di bychom pod\u011bkovali v\u0161em, kte\u0159\u00ed byli sou\u010d\u00e1st\u00ed festivalov\u00e9ho t\u00fdmu, stejn\u011b jako v\u0161em um\u011blc\u016fm, kte\u0159\u00ed b\u011bhem let p\u0159ijeli do Prahy. Byli jste to vy, kdo vytvo\u0159il tu jedine\u010dnou atmof\u00e9ru! A\u010dkoliv na\u0161e prost\u0159edky byly omezen\u00e9 a nemohli jsme v\u017edy poskytovat v\u0161e, co nab\u00edz\u00ed v\u011bt\u0161\u00ed festivaly, douf\u00e1me, \u017ee jste nikdy nepochybovali o na\u0161\u00ed vd\u011b\u010dnosti za va\u0161i \u0161t\u011bdrost. Ze v\u0161eho nejv\u00edce d\u011bkujeme Vlastivalu Matou\u0161kovi a Christopheru Yomei Blasdelovi, m\u00fdm koleg\u016fm spoluzakladatel\u016fm festivalu, za jejich vizi, d\u016fv\u011bru a podporu.<\/span><\/p>\n<p><b>ISFP 2025 \u2013 15. a posledn\u00ed ro\u010dn\u00edk International Shakuhachi Festival Prague <\/b><span style=\"font-weight: 400\"><br \/>\n<\/span><span style=\"font-weight: 400\">M\u00edsto toho, abychom nechali festival se zhroutit a rozplynout se, chceme jej oslavit na jeho vrcholu. P\u0159ipravili jsme v\u00fdjime\u010dn\u00fd program pro leto\u0161n\u00ed ro\u010dn\u00edk festivalu a r\u00e1di bychom v\u00e1s m\u011bli u n\u00e1s v Praze, abychom spole\u010dn\u011b oslavili konec t\u00e9to cesty.<\/span><\/p>\n<p><span style=\"font-weight: 400\">Pokud se nem\u016f\u017eete z\u00fa\u010dastnit, ale p\u0159esto byste cht\u011bli festival podpo\u0159it, velmi bychom ocenili jak\u00e9koli dary. Bylo by skv\u011bl\u00e9, kdyby se poda\u0159ilo vybrat 300 000 K\u010d na honor\u00e1\u0159e pro um\u011blce a pron\u00e1jem m\u00edst kon\u00e1n\u00ed, kter\u00e9 n\u00e1\u0161 festival v sou\u010dasnosti postr\u00e1d\u00e1. U\u010dinilo by to na\u0161e lou\u010den\u00ed s touto kapitolou d\u011bjin evropsk\u00e9 shakuhachi o n\u011bco m\u00e9n\u011b ho\u0159k\u00fdm.<\/span><\/p>\n<p>&nbsp;<\/p>\n<p><span style=\"font-weight: 400\">S \u00factou a vd\u011b\u010dnost\u00ed,<\/span><\/p>\n<p><span style=\"font-weight: 400\">Marek Kimei Matvija<\/span><span style=\"font-weight: 400\"><br \/>\n<\/span><span style=\"font-weight: 400\">Um\u011bleck\u00fd \u0159editel ISFP 2025<\/span><\/p>\n<p><span style=\"font-weight: 400\">WEB ISFP 2025: <\/span><a href=\"http:\/\/www.isfp.cz\"><span style=\"font-weight: 400\">www.isfp.cz<\/span><\/a> <span style=\"font-weight: 400\"><br \/>\n<\/span><span style=\"font-weight: 400\">V\u00fduka na ISFP 2025: <\/span><a href=\"https:\/\/isfp.cz\/2025\/cs\/typ-udalosti\/vyuka\/\"><span style=\"font-weight: 400\">https:\/\/isfp.cz\/2025\/cs\/typ-udalosti\/vyuka\/<\/span><\/a> <span style=\"font-weight: 400\"><br \/>\n<\/span><span style=\"font-weight: 400\">Dary ISFP 2025: <\/span><a href=\"https:\/\/isfp.cz\/2025\/cs\/darcovstvi-a-clenstvi\/podporte-nas\/\"><span style=\"font-weight: 400\">https:\/\/isfp.cz\/2025\/cs\/darcovstvi-a-clenstvi\/podporte-nas\/<\/span><\/a><span style=\"font-weight: 400\">\u00a0<\/span><\/p>\n","protected":false},"excerpt":{"rendered":"<p>Zpr\u00e1va od um\u011bleck\u00e9ho \u0159editele<\/p>\n","protected":false},"author":3,"featured_media":1929,"comment_status":"closed","ping_status":"closed","sticky":false,"template":"","format":"standard","meta":{"inline_featured_image":false,"_wp_rev_ctl_limit":""},"categories":[30],"tags":[],"_links":{"self":[{"href":"https:\/\/isfp.cz\/2025\/cs\/wp-json\/wp\/v2\/posts\/1932"}],"collection":[{"href":"https:\/\/isfp.cz\/2025\/cs\/wp-json\/wp\/v2\/posts"}],"about":[{"href":"https:\/\/isfp.cz\/2025\/cs\/wp-json\/wp\/v2\/types\/post"}],"author":[{"embeddable":true,"href":"https:\/\/isfp.cz\/2025\/cs\/wp-json\/wp\/v2\/users\/3"}],"replies":[{"embeddable":true,"href":"https:\/\/isfp.cz\/2025\/cs\/wp-json\/wp\/v2\/comments?post=1932"}],"version-history":[{"count":3,"href":"https:\/\/isfp.cz\/2025\/cs\/wp-json\/wp\/v2\/posts\/1932\/revisions"}],"predecessor-version":[{"id":1938,"href":"https:\/\/isfp.cz\/2025\/cs\/wp-json\/wp\/v2\/posts\/1932\/revisions\/1938"}],"wp:featuredmedia":[{"embeddable":true,"href":"https:\/\/isfp.cz\/2025\/cs\/wp-json\/wp\/v2\/media\/1929"}],"wp:attachment":[{"href":"https:\/\/isfp.cz\/2025\/cs\/wp-json\/wp\/v2\/media?parent=1932"}],"wp:term":[{"taxonomy":"category","embeddable":true,"href":"https:\/\/isfp.cz\/2025\/cs\/wp-json\/wp\/v2\/categories?post=1932"},{"taxonomy":"post_tag","embeddable":true,"href":"https:\/\/isfp.cz\/2025\/cs\/wp-json\/wp\/v2\/tags?post=1932"}],"curies":[{"name":"wp","href":"https:\/\/api.w.org\/{rel}","templated":true}]}}