{"id":783,"date":"2023-03-16T14:33:10","date_gmt":"2023-03-16T13:33:10","guid":{"rendered":"https:\/\/isfp.cz\/2023\/uncategorized-cs\/rudolf-kviz\/"},"modified":"2023-04-21T18:47:56","modified_gmt":"2023-04-21T16:47:56","slug":"rudolf-kviz","status":"publish","type":"post","link":"https:\/\/isfp.cz\/2023\/cs\/umelci\/rudolf-kviz\/","title":{"rendered":"Rudolf Kv\u00edz"},"content":{"rendered":"<p>\u010cesk\u00fd publicista, redaktor a recit\u00e1tor<\/p>\n<p><!--more--> Poch\u00e1z\u00ed ze selsk\u00e9 rodiny, vyu\u010dil se tavi\u010dem oceli.<br \/>\nDo roku 1989 pracoval jako publicista, zejm\u00e9na redaktor \u010dasopis\u016f Nakladatelstv\u00ed dopravy a spoj\u016f v Praze, kde spolupracoval zejm\u00e9na s V\u00edt\u011bzslavem Hou\u0161kou. L\u00e9ta se v\u011bnuje p\u0159ednesu jako recit\u00e1tor i jako porotce sout\u011b\u017e\u00ed. Vystupoval nap\u0159. ve Viole, Pam\u00e1tn\u00edku p\u00edsemnictv\u00ed, pro Kruh priatelov \u010deskej kult\u00fary v Bratislav\u011b, pro c\u00edrkev, na koncertech v\u00e1\u017en\u00e9 hudby (nap\u0159. Pra\u017esk\u00e9 dechov\u00e9 kvinteto, \u010cesk\u00e9 noneto, Ensemble Martin\u016f, K\u00fchn\u00f9v d\u011btsk\u00fd sbor). \u00da\u010dinkoval v mnoha rozhlasov\u00fdch po\u0159adech<\/p>\n<p><a href=\"https:\/\/isfp.cz\/2023\/cs\/udalosti\/hlasy-z-dalky-aneb-japonske-zasveti\/\" target=\"_blank\" rel=\"noopener\">3. 6. | KONCERT: Hlasy z d\u00e1lky aneb japonsk\u00e9 z\u00e1sv\u011bt\u00ed<\/a><\/p>\n","protected":false},"excerpt":{"rendered":"<p>\u010cesk\u00fd publicista, redaktor a recit\u00e1tor<\/p>\n","protected":false},"author":2,"featured_media":778,"comment_status":"closed","ping_status":"closed","sticky":false,"template":"","format":"standard","meta":{"inline_featured_image":false,"_wp_rev_ctl_limit":""},"categories":[22,21],"tags":[],"_links":{"self":[{"href":"https:\/\/isfp.cz\/2023\/cs\/wp-json\/wp\/v2\/posts\/783"}],"collection":[{"href":"https:\/\/isfp.cz\/2023\/cs\/wp-json\/wp\/v2\/posts"}],"about":[{"href":"https:\/\/isfp.cz\/2023\/cs\/wp-json\/wp\/v2\/types\/post"}],"author":[{"embeddable":true,"href":"https:\/\/isfp.cz\/2023\/cs\/wp-json\/wp\/v2\/users\/2"}],"replies":[{"embeddable":true,"href":"https:\/\/isfp.cz\/2023\/cs\/wp-json\/wp\/v2\/comments?post=783"}],"version-history":[{"count":4,"href":"https:\/\/isfp.cz\/2023\/cs\/wp-json\/wp\/v2\/posts\/783\/revisions"}],"predecessor-version":[{"id":1029,"href":"https:\/\/isfp.cz\/2023\/cs\/wp-json\/wp\/v2\/posts\/783\/revisions\/1029"}],"wp:featuredmedia":[{"embeddable":true,"href":"https:\/\/isfp.cz\/2023\/cs\/wp-json\/wp\/v2\/media\/778"}],"wp:attachment":[{"href":"https:\/\/isfp.cz\/2023\/cs\/wp-json\/wp\/v2\/media?parent=783"}],"wp:term":[{"taxonomy":"category","embeddable":true,"href":"https:\/\/isfp.cz\/2023\/cs\/wp-json\/wp\/v2\/categories?post=783"},{"taxonomy":"post_tag","embeddable":true,"href":"https:\/\/isfp.cz\/2023\/cs\/wp-json\/wp\/v2\/tags?post=783"}],"curies":[{"name":"wp","href":"https:\/\/api.w.org\/{rel}","templated":true}]}}