{"id":763,"date":"2019-12-07T13:14:41","date_gmt":"2019-12-07T12:14:41","guid":{"rendered":"https:\/\/isfp.cz\/2023\/?p=763"},"modified":"2023-04-27T08:50:50","modified_gmt":"2023-04-27T06:50:50","slug":"kinya-sogawa","status":"publish","type":"post","link":"https:\/\/isfp.cz\/2023\/cs\/umelci\/kinya-sogawa\/","title":{"rendered":"Kinya Sogawa"},"content":{"rendered":"<p>Kinya Sogawa je hr\u00e1\u010d na shakuhachi, jeho\u017e hra propojuje sv\u011bt tradi\u010dn\u00ed a sou\u010dasn\u00e9 hudby. Vytv\u00e1\u0159\u00ed vlastn\u00ed n\u00e1stroje a jeho jedine\u010dn\u00fd zvuk oslovuje mezin\u00e1rodn\u00ed publikum prost\u0159ednictv\u00edm koncert\u016f a slavn\u00fdch hollywoodsk\u00fdch produkc\u00ed.<br \/>\n<!--more-->Jeho hlubok\u00e9 porozum\u011bn\u00ed zp\u0159\u00edstup\u0148uje shakuhachi a jeho hudbu poslucha\u010d\u016fm v\u0161ech v\u011bkov\u00fdch kategori\u00ed.<br \/>\nNavzdory sv\u00e9 sl\u00e1v\u011b Sogawa v Evrop\u011b koncertuje jen z\u0159\u00eddka. Je n\u00e1m tedy velkou ct\u00ed a pot\u011b\u0161en\u00edm p\u0159edstavit tohoto vynikaj\u00edc\u00edho hudebn\u00edka na na\u0161em festivalu.<\/p>\n<p>&nbsp;<\/p>\n<p><span style=\"font-weight: 400\">Je \u010dlenem ORA-J, Japanese ensemble of Orchestra Asia. <\/span><a href=\"http:\/\/www.ora-j.com\/\"><span style=\"font-weight: 400\">http:\/\/www.ora-j.com<\/span><span style=\"font-weight: 400\"><br \/>\n<\/span><\/a><span style=\"font-weight: 400\">B\u00fdval\u00fd \u010dlen Pro Musica Nipponia.<\/span><span style=\"font-weight: 400\"><br \/>\n<\/span><a href=\"https:\/\/youtu.be\/rT1aOR1SK44\"><span style=\"font-weight: 400\">https:\/\/youtu.be\/rT1aOR1SK44<\/span><\/a><\/p>\n<p><a href=\"https:\/\/youtu.be\/-T9qOTwtgjY\"><span style=\"font-weight: 400\">https:\/\/youtu.be\/-T9qOTwtgjY<\/span><\/a><\/p>\n<p>&nbsp;<\/p>\n<p><a href=\"https:\/\/isfp.cz\/2023\/cs\/udalosti\/sashi-with-kinya-sogawa\/\" target=\"_blank\" rel=\"noopener\">3. &#8211; 5. 6. | STUDY GROUP Sashi\u00a0<\/a><\/p>\n<p><a href=\"https:\/\/docs.google.com\/spreadsheets\/d\/1nt3qD7DX6-Br6ljEo9n8ABhz93_8JjXB\/edit#gid=1863736848\" target=\"_blank\" rel=\"noopener\">5. 6. | WORKSHOP\u00a0<\/a><\/p>\n<p><a href=\"https:\/\/isfp.cz\/2023\/cs\/udalosti\/hlasy-z-dalky-aneb-japonske-zasveti\/\" target=\"_blank\" rel=\"noopener\">3. 6. | KONCERT Hlasy z d\u00e1lky aneb japonsk\u00e9 z\u00e1sv\u011bt\u00ed<\/a><\/p>\n<p><a href=\"https:\/\/isfp.cz\/2023\/cs\/udalosti\/fujikura-seki-ishii-kengyo\/\" target=\"_blank\" rel=\"noopener\">4. 6. | KONCERT Fujikura-Seki-Ishii-Kengyo<\/a><\/p>\n","protected":false},"excerpt":{"rendered":"<p>Kinya Sogawa je hr\u00e1\u010d na shakuhachi, jeho\u017e hra propojuje sv\u011bt tradi\u010dn\u00ed a sou\u010dasn\u00e9 hudby. Vytv\u00e1\u0159\u00ed vlastn\u00ed n\u00e1stroje a jeho jedine\u010dn\u00fd zvuk oslovuje mezin\u00e1rodn\u00ed publikum prost\u0159ednictv\u00edm koncert\u016f a slavn\u00fdch hollywoodsk\u00fdch produkc\u00ed.<\/p>\n","protected":false},"author":2,"featured_media":558,"comment_status":"closed","ping_status":"closed","sticky":false,"template":"","format":"standard","meta":{"inline_featured_image":false,"_wp_rev_ctl_limit":""},"categories":[24,23,21],"tags":[],"_links":{"self":[{"href":"https:\/\/isfp.cz\/2023\/cs\/wp-json\/wp\/v2\/posts\/763"}],"collection":[{"href":"https:\/\/isfp.cz\/2023\/cs\/wp-json\/wp\/v2\/posts"}],"about":[{"href":"https:\/\/isfp.cz\/2023\/cs\/wp-json\/wp\/v2\/types\/post"}],"author":[{"embeddable":true,"href":"https:\/\/isfp.cz\/2023\/cs\/wp-json\/wp\/v2\/users\/2"}],"replies":[{"embeddable":true,"href":"https:\/\/isfp.cz\/2023\/cs\/wp-json\/wp\/v2\/comments?post=763"}],"version-history":[{"count":3,"href":"https:\/\/isfp.cz\/2023\/cs\/wp-json\/wp\/v2\/posts\/763\/revisions"}],"predecessor-version":[{"id":1091,"href":"https:\/\/isfp.cz\/2023\/cs\/wp-json\/wp\/v2\/posts\/763\/revisions\/1091"}],"wp:featuredmedia":[{"embeddable":true,"href":"https:\/\/isfp.cz\/2023\/cs\/wp-json\/wp\/v2\/media\/558"}],"wp:attachment":[{"href":"https:\/\/isfp.cz\/2023\/cs\/wp-json\/wp\/v2\/media?parent=763"}],"wp:term":[{"taxonomy":"category","embeddable":true,"href":"https:\/\/isfp.cz\/2023\/cs\/wp-json\/wp\/v2\/categories?post=763"},{"taxonomy":"post_tag","embeddable":true,"href":"https:\/\/isfp.cz\/2023\/cs\/wp-json\/wp\/v2\/tags?post=763"}],"curies":[{"name":"wp","href":"https:\/\/api.w.org\/{rel}","templated":true}]}}