{"id":550,"date":"2021-11-21T18:45:16","date_gmt":"2021-11-21T17:45:16","guid":{"rendered":"https:\/\/isfp.cz\/2023\/uncategorized-cs\/akihito-obama\/"},"modified":"2023-04-27T08:25:17","modified_gmt":"2023-04-27T06:25:17","slug":"akihito-obama","status":"publish","type":"post","link":"https:\/\/isfp.cz\/2023\/cs\/umelci\/akihito-obama\/","title":{"rendered":"Akihito Obama"},"content":{"rendered":"<p>Mlad\u00e1 hv\u011bzda shakuhachi, unik\u00e1tn\u00ed hr\u00e1\u010d s ryz\u00edm, osobit\u00fdm zvukem<\/p>\n<p><!--more--><\/p>\n<p>Studoval r\u016fzn\u00e9 styly shakuhachi s takov\u00fdmi muzikanty jako Toshimitsu Ishikawa (tradi\u010dn\u00ed shakuhachi) a Satoshi Yoneya (minyo shakuhachi). Pot\u00e9, co absolvoval NHK Hogaku Gino-sha Ikusei-kai, z\u00edskal Obama hlavn\u00ed cenu druh\u00e9ho ro\u010dn\u00edku sout\u011b\u017ee nov\u00fdch talent\u016f shakuhachi. V roce 2004 nato\u010dil Obama sv\u016fj prvn\u00ed s\u00f3lov\u00fd album Wind Carvings.B\u011bhem n\u00e1sleduj\u00edc\u00edho roku absolvoval poutn\u00ed koncertn\u00ed turn\u00e9 v osmdes\u00e1ti osmi chr\u00e1mech ostrova Shikoku a nato\u010dil sv\u00e9 druh\u00e9 album Waves and Camellias. V roce 2008 byl Obama pozv\u00e1n na japonsk\u00fd festival v Kennedyho centru (Washington, DC) a World Shakuhachi Festival v Sydney. V sou\u010dasn\u00e9 dob\u011b p\u016fsob\u00ed jako s\u00f3lov\u00fd hudebn\u00edk a vystupuje s r\u016fzn\u00fdmi soubory v\u010detn\u011b \u201cTAKiO BAND\u201d, veden\u00e9ho zp\u011bv\u00e1kem minio Takiem Ito. \u010casto se objevuje na koncertech v zahrani\u010d\u00ed a vystoupil ji\u017e ve v\u00edce ne\u017e 34 zem\u00edch.<\/p>\n<p>Obama vyvinul a zdokonalil svou techniku t\u00edm, \u017ee hr\u00e1l na m\u00edstech od mal\u00fdch klub\u016f a\u017e po velk\u00e9 koncertn\u00ed s\u00e1ly s um\u011blci hraj\u00edc\u00edmi na hogaku a z\u00e1padn\u00ed n\u00e1stroje. To mu umo\u017enilo prolomit tradi\u010dn\u00ed bari\u00e9ry a objevit sv\u016fj vlastn\u00ed, osobit\u00fd zvuk.<\/p>\n<p>&nbsp;<\/p>\n<p><a href=\"https:\/\/isfp.cz\/2023\/cs\/udalosti\/daha-with-akihito-obama\/\" target=\"_blank\" rel=\"noopener\">2. &#8211; 4. 6. | STUDY GROUP DAHA<\/a><\/p>\n<p><a href=\"https:\/\/isfp.cz\/2023\/en\/events\/zen-sound-and-silence\/\" target=\"_blank\" rel=\"noopener\">2. 6. | CONCERT Zen: Sound and Silence<\/a><\/p>\n<p><a href=\"https:\/\/isfp.cz\/2023\/en\/events\/voices-from-afar-the-japanese-underworld\/\" target=\"_blank\" rel=\"noopener\">3. 6. | CONCERT Voices from Afar: The Netherworld of Japan<\/a><\/p>\n<p><a href=\"https:\/\/isfp.cz\/2023\/en\/events\/fujikura-seki-ishii-kengyo\/\" target=\"_blank\" rel=\"noopener\">4. 6. | CONCERT Fujikura \u2013 Seki \u2013 Ishii \u2013 Kengyo<\/a><\/p>\n<p><a href=\"https:\/\/isfp.cz\/2023\/en\/events\/berg-orchestra-nippon-japanese-traditions-and-inspirations\/\" target=\"_blank\" rel=\"noopener\">5. 6. | CONCERT BERG Orchestra: NIPPON | \u2026 Japanese Traditions and Inspirations<\/a><\/p>\n<p>&nbsp;<\/p>\n","protected":false},"excerpt":{"rendered":"<p>Mlad\u00e1 hv\u011bzda shakuhachi, unik\u00e1tn\u00ed hr\u00e1\u010d s ryz\u00edm, osobit\u00fdm zvukem<\/p>\n","protected":false},"author":2,"featured_media":651,"comment_status":"closed","ping_status":"closed","sticky":false,"template":"","format":"standard","meta":{"inline_featured_image":false,"_wp_rev_ctl_limit":""},"categories":[24,23,21],"tags":[],"_links":{"self":[{"href":"https:\/\/isfp.cz\/2023\/cs\/wp-json\/wp\/v2\/posts\/550"}],"collection":[{"href":"https:\/\/isfp.cz\/2023\/cs\/wp-json\/wp\/v2\/posts"}],"about":[{"href":"https:\/\/isfp.cz\/2023\/cs\/wp-json\/wp\/v2\/types\/post"}],"author":[{"embeddable":true,"href":"https:\/\/isfp.cz\/2023\/cs\/wp-json\/wp\/v2\/users\/2"}],"replies":[{"embeddable":true,"href":"https:\/\/isfp.cz\/2023\/cs\/wp-json\/wp\/v2\/comments?post=550"}],"version-history":[{"count":3,"href":"https:\/\/isfp.cz\/2023\/cs\/wp-json\/wp\/v2\/posts\/550\/revisions"}],"predecessor-version":[{"id":1083,"href":"https:\/\/isfp.cz\/2023\/cs\/wp-json\/wp\/v2\/posts\/550\/revisions\/1083"}],"wp:featuredmedia":[{"embeddable":true,"href":"https:\/\/isfp.cz\/2023\/cs\/wp-json\/wp\/v2\/media\/651"}],"wp:attachment":[{"href":"https:\/\/isfp.cz\/2023\/cs\/wp-json\/wp\/v2\/media?parent=550"}],"wp:term":[{"taxonomy":"category","embeddable":true,"href":"https:\/\/isfp.cz\/2023\/cs\/wp-json\/wp\/v2\/categories?post=550"},{"taxonomy":"post_tag","embeddable":true,"href":"https:\/\/isfp.cz\/2023\/cs\/wp-json\/wp\/v2\/tags?post=550"}],"curies":[{"name":"wp","href":"https:\/\/api.w.org\/{rel}","templated":true}]}}