{"id":534,"date":"2022-11-21T19:58:01","date_gmt":"2022-11-21T18:58:01","guid":{"rendered":"https:\/\/isfp.cz\/2023\/uncategorized-cs\/vlastislav-matousek\/"},"modified":"2023-04-21T18:54:47","modified_gmt":"2023-04-21T16:54:47","slug":"vlastislav-matousek","status":"publish","type":"post","link":"https:\/\/isfp.cz\/2023\/cs\/umelci\/vlastislav-matousek\/","title":{"rendered":"Vlastislav Matou\u0161ek"},"content":{"rendered":"<p>P\u0159edn\u00ed \u010desk\u00fd hr\u00e1\u010d na shakuhachi, skladatel a muzikolog a spoluzakladatel International Shakuhachi Festival Prague<\/p>\n<p><!--more--><\/p>\n<p>Doc. Vlastislav Matou\u0161ek Ph.D. vystudoval na hudebn\u00ed fakult\u011b AMU kompozici a postgradu\u00e1ln\u00ed kurz hudebn\u00ed teorie. V roce 1996 studoval jako stipendista Japan Foundation hru na shakuhachi u Kifu Mitsuhashiho v Tokiu a japonskou tradi\u010dn\u00ed hudbu u Osamu Yamaguchiho na University of Letters v Osace. Na hudebn\u00ed fakult\u011b AMU obh\u00e1jil disertaci\u00a0Kinetika v etnick\u00e9 hudb\u011b\u00a0(2001) a z\u00edskal doktor\u00e1t v oboru hudebn\u00ed teorie \u2013 teorie skladby.\u00a0V roce 2004 byl jmenov\u00e1n docentem. Od roku 1991 p\u0159edn\u00e1\u0161\u00ed etnomuzikologii na kated\u0159e Teorie a d\u011bjin hudby hudebn\u00ed fakulty AMU v Praze, od roku 1999 tak\u00e9 na \u00dastavu pro hudebn\u00ed v\u011bdu FF UK. Jako teoretik se zab\u00fdv\u00e1 hudbou mimoevropsk\u00fdch kultur, hudebn\u00ed kinetikou a organologi\u00ed (Rytmus a \u010das v etnick\u00e9 hudb\u011b, 2003). Spolupracuje jako hudebn\u00ed publicista s \u010cesk\u00fdm rozhlasem.\u00a0Je autorem mnohdy zna\u010dn\u011b excentrick\u00fdch skladeb, \u010dasto s \u00fa\u010dast\u00ed exotick\u00fdch n\u00e1stroj\u016f a elektroniky. S oblibou uplat\u0148uje netradi\u010dn\u00ed vyjad\u0159ovac\u00ed prost\u0159edky a postupy.\u00a0www.shakuhachi.cz<\/p>\n<p><a href=\"https:\/\/isfp.cz\/2023\/cs\/udalosti\/hlasy-z-dalky-aneb-japonske-zasveti\/\" target=\"_blank\" rel=\"noopener\">2. 6. KONCER: Hlasy z d\u00e1lky aneb japonsk\u00e9 z\u00e1sv\u011bt\u00ed<\/a><\/p>\n","protected":false},"excerpt":{"rendered":"<p>P\u0159edn\u00ed \u010desk\u00fd hr\u00e1\u010d na shakuhachi, skladatel a muzikolog a spoluzakladatel International Shakuhachi Festival Prague<\/p>\n","protected":false},"author":2,"featured_media":404,"comment_status":"closed","ping_status":"closed","sticky":false,"template":"","format":"standard","meta":{"inline_featured_image":false,"_wp_rev_ctl_limit":""},"categories":[24,23,25,21],"tags":[],"_links":{"self":[{"href":"https:\/\/isfp.cz\/2023\/cs\/wp-json\/wp\/v2\/posts\/534"}],"collection":[{"href":"https:\/\/isfp.cz\/2023\/cs\/wp-json\/wp\/v2\/posts"}],"about":[{"href":"https:\/\/isfp.cz\/2023\/cs\/wp-json\/wp\/v2\/types\/post"}],"author":[{"embeddable":true,"href":"https:\/\/isfp.cz\/2023\/cs\/wp-json\/wp\/v2\/users\/2"}],"replies":[{"embeddable":true,"href":"https:\/\/isfp.cz\/2023\/cs\/wp-json\/wp\/v2\/comments?post=534"}],"version-history":[{"count":4,"href":"https:\/\/isfp.cz\/2023\/cs\/wp-json\/wp\/v2\/posts\/534\/revisions"}],"predecessor-version":[{"id":1038,"href":"https:\/\/isfp.cz\/2023\/cs\/wp-json\/wp\/v2\/posts\/534\/revisions\/1038"}],"wp:featuredmedia":[{"embeddable":true,"href":"https:\/\/isfp.cz\/2023\/cs\/wp-json\/wp\/v2\/media\/404"}],"wp:attachment":[{"href":"https:\/\/isfp.cz\/2023\/cs\/wp-json\/wp\/v2\/media?parent=534"}],"wp:term":[{"taxonomy":"category","embeddable":true,"href":"https:\/\/isfp.cz\/2023\/cs\/wp-json\/wp\/v2\/categories?post=534"},{"taxonomy":"post_tag","embeddable":true,"href":"https:\/\/isfp.cz\/2023\/cs\/wp-json\/wp\/v2\/tags?post=534"}],"curies":[{"name":"wp","href":"https:\/\/api.w.org\/{rel}","templated":true}]}}