{"id":529,"date":"2022-11-21T20:11:12","date_gmt":"2022-11-21T19:11:12","guid":{"rendered":"https:\/\/isfp.cz\/2023\/uncategorized-cs\/saikawa-buntai\/"},"modified":"2023-04-21T18:53:55","modified_gmt":"2023-04-21T16:53:55","slug":"saikawa-buntai","status":"publish","type":"post","link":"https:\/\/isfp.cz\/2023\/cs\/umelci\/saikawa-buntai\/","title":{"rendered":"Saikawa Buntai"},"content":{"rendered":"<p>Um\u011bleck\u00fd vedouc\u00ed souboru Gyosan-ry\u016b Tendai Sh\u014dmy\u014d, fenomen\u00e1ln\u00ed liturgista, kter\u00fd inicioval setk\u00e1n\u00ed buddhistick\u00fdch Shomyo p\u00edsn\u00ed s k\u0159es\u0165ansk\u00fdm p\u011bveck\u00fdm sborem v Praze.<\/p>\n<p><!--more--><\/p>\n<p>Um\u011bleck\u00fd vedouc\u00ed souboru Gyosan-ry\u016b Tendai Sh\u014dmy\u014d, fenomen\u00e1ln\u00ed liturg, provedl razantn\u00ed rekonstrukci souboru ke kter\u00e9 se odhodlal p\u0159ed dv\u011bma lety a v\u00fdsledkem je a\u017e neuv\u011b\u0159iteln\u011b harmonick\u00fd zvuk, kter\u00fd si v\u0161ak zachov\u00e1v\u00e1 zemitou syrovost, je\u017e ke zp\u011bv\u016fm tedai sh\u014dmy\u014d neodd\u011bliteln\u011b pat\u0159\u00ed.<\/p>\n<p>Historicky prvn\u00ed n\u00e1v\u0161t\u011bva p\u0159edstaven\u00fdch buddhistick\u00e9 \u0161koly Tendai v Praze v roce 1998 byla v\u00fdchoz\u00edm podn\u011btem k\u00a0pokusu o\u00a0propojen\u00ed kj\u00f3tsk\u00e9 a\u00a0pra\u017esk\u00e9 tradice liturgick\u00e9ho zp\u011bvu.\u00a0Tehdy \u2013 d\u00edky mimo\u0159\u00e1dn\u00e9 vst\u0159\u00edcnosti a\u00a0pochopen\u00ed P. Tom\u00e1\u0161e Hal\u00edka \u2013 do\u0161lo v\u00a0chr\u00e1mu Nejsv. Salv\u00e1tora na Star\u00e9m M\u011bst\u011b pra\u017esk\u00e9m k\u00a0historick\u00e9mu setk\u00e1n\u00ed, p\u0159i n\u011bm\u017e se snad v\u016fbec poprv\u00e9 v\u00a0na\u0161ich podm\u00ednk\u00e1ch staly buddhistick\u00e9 zp\u011bvy \u0161\u00f3mj\u00f3 a\u00a0liturgick\u00e1 meditace sou\u010d\u00e1st\u00ed k\u0159es\u0165ansk\u00e9 bohoslu\u017eby. Z\u00a0tohoto z\u00e1\u017eitku povstaly dlouhodob\u00e9 vazby mezi japonskou \u0161kolou Tendai, jej\u00edm \u00fast\u0159edn\u00edm kl\u00e1\u0161terem Enrjaku-d\u017ei na ho\u0159e Hiei a\u00a0\u010desk\u00fdm duchovn\u00edm prost\u0159ed\u00edm. Nav\u00e1z\u00e1n\u00ed spolupr\u00e1ce s\u00a0Davidem Ebenem a\u00a0Scholou Gregorianou Pragensis bylo dal\u0161\u00edm sm\u011bl\u00fdm krokem, kter\u00fd vy\u00fastil v\u00a0prvn\u00ed spole\u010dn\u00e9 vystoupen\u00ed obou v\u00fd\u0161e zmi\u0148ovan\u00fdch soubor\u016f na podzim r. 2000 v\u00a0kostele V\u0161ech svat\u00fdch na Pra\u017esk\u00e9m hrad\u011b. Slovy t\u011b\u017eko popsateln\u00fd a\u017e mraziv\u00fd z\u00e1\u017eitek kosmick\u00e9 harmonie ve spole\u010dn\u00fdch skladb\u00e1ch, kdy se &#8220;nebesa dotkla zem\u011b a\u00a0zem\u011b se zachv\u011bla&#8221; se v\u0161em p\u0159\u00edtomn\u00fdm vryl do pam\u011bti zcela nesmazateln\u00fdm zp\u016fsobem.<\/p>\n<p>&nbsp;<\/p>\n<p><a href=\"https:\/\/isfp.cz\/2023\/cs\/udalosti\/zen-ticho-a-zvuk\/\" target=\"_blank\" rel=\"noopener\">2. 6. KONCERT: ZEN: Ticho a zvuk<\/a><\/p>\n<p><a href=\"https:\/\/docs.google.com\/spreadsheets\/d\/1nt3qD7DX6-Br6ljEo9n8ABhz93_8JjXB\/edit#gid=1863736848\" target=\"_blank\" rel=\"noopener\">4. 6. WORKSHOP: Saikawa Buntai Workshop SHOMYO<\/a><\/p>\n","protected":false},"excerpt":{"rendered":"<p>Um\u011bleck\u00fd vedouc\u00ed souboru Gyosan-ry\u016b Tendai Sh\u014dmy\u014d, fenomen\u00e1ln\u00ed liturgista, kter\u00fd inicioval setk\u00e1n\u00ed buddhistick\u00fdch Shomyo p\u00edsn\u00ed s k\u0159es\u0165ansk\u00fdm p\u011bveck\u00fdm sborem v Praze.<\/p>\n","protected":false},"author":2,"featured_media":412,"comment_status":"closed","ping_status":"closed","sticky":false,"template":"","format":"standard","meta":{"inline_featured_image":false,"_wp_rev_ctl_limit":""},"categories":[22,21],"tags":[],"_links":{"self":[{"href":"https:\/\/isfp.cz\/2023\/cs\/wp-json\/wp\/v2\/posts\/529"}],"collection":[{"href":"https:\/\/isfp.cz\/2023\/cs\/wp-json\/wp\/v2\/posts"}],"about":[{"href":"https:\/\/isfp.cz\/2023\/cs\/wp-json\/wp\/v2\/types\/post"}],"author":[{"embeddable":true,"href":"https:\/\/isfp.cz\/2023\/cs\/wp-json\/wp\/v2\/users\/2"}],"replies":[{"embeddable":true,"href":"https:\/\/isfp.cz\/2023\/cs\/wp-json\/wp\/v2\/comments?post=529"}],"version-history":[{"count":4,"href":"https:\/\/isfp.cz\/2023\/cs\/wp-json\/wp\/v2\/posts\/529\/revisions"}],"predecessor-version":[{"id":1036,"href":"https:\/\/isfp.cz\/2023\/cs\/wp-json\/wp\/v2\/posts\/529\/revisions\/1036"}],"wp:featuredmedia":[{"embeddable":true,"href":"https:\/\/isfp.cz\/2023\/cs\/wp-json\/wp\/v2\/media\/412"}],"wp:attachment":[{"href":"https:\/\/isfp.cz\/2023\/cs\/wp-json\/wp\/v2\/media?parent=529"}],"wp:term":[{"taxonomy":"category","embeddable":true,"href":"https:\/\/isfp.cz\/2023\/cs\/wp-json\/wp\/v2\/categories?post=529"},{"taxonomy":"post_tag","embeddable":true,"href":"https:\/\/isfp.cz\/2023\/cs\/wp-json\/wp\/v2\/tags?post=529"}],"curies":[{"name":"wp","href":"https:\/\/api.w.org\/{rel}","templated":true}]}}