{"id":519,"date":"2022-05-22T10:17:41","date_gmt":"2022-05-22T08:17:41","guid":{"rendered":"https:\/\/isfp.cz\/2023\/uncategorized-cs\/berg-orchestra\/"},"modified":"2023-04-21T19:33:33","modified_gmt":"2023-04-21T17:33:33","slug":"berg-orchestra","status":"publish","type":"post","link":"https:\/\/isfp.cz\/2023\/cs\/umelci\/berg-orchestra\/","title":{"rendered":"Berg Orchestra"},"content":{"rendered":"<p>Vych\u00e1zej\u00edc\u00ed hv\u011bzda \u010desk\u00e9 hudebn\u00ed sc\u00e9ny<\/p>\n<p><!--more--><\/p>\n<p>je \u0161pi\u010dkov\u00e9 mlad\u00e9 t\u011bleso, kter\u00e9 p\u0159in\u00e1\u0161\u00ed\u00a0sv\u011b\u017e\u00ed v\u00edtr\u00a0na \u010deskou hudebn\u00ed sc\u00e9nu \u2013 uv\u00e1d\u00ed div\u00e1cky atraktivn\u00ed a inov\u00e1torsk\u00e9 projekty, kter\u00e9 kladou d\u016fraz p\u0159edev\u0161\u00edm na\u00a0sou\u010dasnou hudbu a hudbu 20. stolet\u00ed. Tu kombinuje nap\u0159\u00edklad s\u00a0divadlem, filmem, baletem, pantomimou, videoartem, v\u00fdtvarn\u00fdm um\u011bn\u00edm apod., vystupuje \u010dasto mimo tradi\u010dn\u00ed s\u00e1ly. Prost\u0159ednictv\u00edm\u00a0pravideln\u00fdch objedn\u00e1vek nov\u00fdch d\u011bl\u00a0u \u010desk\u00fdch skladatel\u016f p\u0159edev\u0161\u00edm mlad\u00e9 generace pom\u00e1h\u00e1 vytv\u00e1\u0159et nov\u00e9 hodnoty a investuje do budoucnosti hudby a um\u011bn\u00ed. V sou\u010dasn\u00e9 dob\u011b m\u00e1 na sv\u00e9m kont\u011b ji\u017e\u00a0des\u00edtky sv\u011btov\u00fdch premi\u00e9r, ale tak\u00e9 mnoho \u010desk\u00fdch premi\u00e9r vynikaj\u00edc\u00edch sv\u011btov\u00fdch autor\u016f.<\/p>\n<p>Ke koncertn\u00ed \u010dinnosti orchestru pat\u0159\u00ed vystoupen\u00ed na mezin\u00e1rodn\u00edch festivalech a v\u00fdznamn\u00fdch dom\u00e1c\u00edch p\u00f3di\u00edch. Spolupracuje s baletem N\u00e1rodn\u00edho divadla (p\u0159edstaven\u00ed Zlatovl\u00e1ska a Ibbur). K mnoha sn\u00edmk\u016fm pro \u010cesk\u00fd rozhlas i na CD v roce 2007 p\u0159ibyla nahr\u00e1vka prvn\u00edho profilov\u00e9ho po\u0159adu pro \u010cT.<\/p>\n<p>Orchestr Berg zalo\u017eil v roce 1995 dirigent\u00a0Peter Vr\u00e1bel, kter\u00fd je dodnes jeho um\u011bleck\u00fdm vedouc\u00edm.<\/p>\n<p><a href=\"https:\/\/isfp.cz\/2023\/cs\/udalosti\/berg-orchestra-nippon-japanese-traditions-and-inspirations\/\" target=\"_blank\" rel=\"noopener\">5. 6. | Koncert :Orchestr BERG: NIPPON | \u2026 japonsk\u00e9 tradice a inspirace<\/a><\/p>\n","protected":false},"excerpt":{"rendered":"<p>Vych\u00e1zej\u00edc\u00ed hv\u011bzda \u010desk\u00e9 hudebn\u00ed sc\u00e9ny<\/p>\n","protected":false},"author":2,"featured_media":424,"comment_status":"closed","ping_status":"closed","sticky":false,"template":"","format":"standard","meta":{"inline_featured_image":false,"_wp_rev_ctl_limit":""},"categories":[22,21],"tags":[],"_links":{"self":[{"href":"https:\/\/isfp.cz\/2023\/cs\/wp-json\/wp\/v2\/posts\/519"}],"collection":[{"href":"https:\/\/isfp.cz\/2023\/cs\/wp-json\/wp\/v2\/posts"}],"about":[{"href":"https:\/\/isfp.cz\/2023\/cs\/wp-json\/wp\/v2\/types\/post"}],"author":[{"embeddable":true,"href":"https:\/\/isfp.cz\/2023\/cs\/wp-json\/wp\/v2\/users\/2"}],"replies":[{"embeddable":true,"href":"https:\/\/isfp.cz\/2023\/cs\/wp-json\/wp\/v2\/comments?post=519"}],"version-history":[{"count":3,"href":"https:\/\/isfp.cz\/2023\/cs\/wp-json\/wp\/v2\/posts\/519\/revisions"}],"predecessor-version":[{"id":1053,"href":"https:\/\/isfp.cz\/2023\/cs\/wp-json\/wp\/v2\/posts\/519\/revisions\/1053"}],"wp:featuredmedia":[{"embeddable":true,"href":"https:\/\/isfp.cz\/2023\/cs\/wp-json\/wp\/v2\/media\/424"}],"wp:attachment":[{"href":"https:\/\/isfp.cz\/2023\/cs\/wp-json\/wp\/v2\/media?parent=519"}],"wp:term":[{"taxonomy":"category","embeddable":true,"href":"https:\/\/isfp.cz\/2023\/cs\/wp-json\/wp\/v2\/categories?post=519"},{"taxonomy":"post_tag","embeddable":true,"href":"https:\/\/isfp.cz\/2023\/cs\/wp-json\/wp\/v2\/tags?post=519"}],"curies":[{"name":"wp","href":"https:\/\/api.w.org\/{rel}","templated":true}]}}