{"id":512,"date":"2022-11-22T10:28:00","date_gmt":"2022-11-22T09:28:00","guid":{"rendered":"https:\/\/isfp.cz\/2023\/uncategorized-cs\/zaneta-vitova\/"},"modified":"2023-04-21T18:51:25","modified_gmt":"2023-04-21T16:51:25","slug":"zaneta-vitova","status":"publish","type":"post","link":"https:\/\/isfp.cz\/2023\/cs\/umelci\/zaneta-vitova\/","title":{"rendered":"\u017daneta V\u00edtov\u00e1"},"content":{"rendered":"<p>Akordeonistka, skladatelka, zp\u011bva\u010dka a lektorka klasick\u00e9 a experiment\u00e1ln\u00ed hudby<\/p>\n<p><!--more--><\/p>\n<p>\u017daneta p\u016fsob\u00ed v n\u011bkolika kapel\u00e1ch: v jazzov\u011b &#8211; klasick\u00e9 f\u00fazi s prvky voln\u00e9 improvizace Dust in the Groove Radima Hanouska, v triu CONTriology \u2013 akordeon, cimb\u00e1l a zp\u011bv \u2013 propojuj\u00edc\u00ed lidov\u00e9 prvky s klasick\u00fdmi, uv\u00e1d\u011bj\u00edc\u00ed soudob\u00e9 autory a autorsk\u00e9 kompozice. D\u00e1le tvo\u0159\u00ed experiment\u00e1ln\u00ed duo se zp\u011bva\u010dkou a hlasovou performerkou Annabelle Plum a p\u0159\u00edle\u017eitostn\u011b vystupuje s Pra\u017esk\u00fdm improviza\u010dn\u00edm orchestrem. Jako host se objevuje v Ope\u0159e N\u00e1rodn\u00edho divadla Brno a v nez\u00e1visl\u00fdch opern\u00edch souborech Opera Diversa a Haus\u00a0 Opera.<\/p>\n<p><a href=\"https:\/\/isfp.cz\/2023\/cs\/udalosti\/hlasy-z-dalky-aneb-japonske-zasveti\/\" target=\"_blank\" rel=\"noopener\">3. 6. | Koncert: Hlasy z d\u00e1lky aneb japonsk\u00e9 z\u00e1sv\u011bt\u00ed<\/a><\/p>\n<p>&nbsp;<\/p>\n","protected":false},"excerpt":{"rendered":"<p>Akordeonistka, skladatelka, zp\u011bva\u010dka a lektorka klasick\u00e9 a experiment\u00e1ln\u00ed hudby<\/p>\n","protected":false},"author":2,"featured_media":437,"comment_status":"closed","ping_status":"closed","sticky":false,"template":"","format":"standard","meta":{"inline_featured_image":false,"_wp_rev_ctl_limit":""},"categories":[22,21],"tags":[],"_links":{"self":[{"href":"https:\/\/isfp.cz\/2023\/cs\/wp-json\/wp\/v2\/posts\/512"}],"collection":[{"href":"https:\/\/isfp.cz\/2023\/cs\/wp-json\/wp\/v2\/posts"}],"about":[{"href":"https:\/\/isfp.cz\/2023\/cs\/wp-json\/wp\/v2\/types\/post"}],"author":[{"embeddable":true,"href":"https:\/\/isfp.cz\/2023\/cs\/wp-json\/wp\/v2\/users\/2"}],"replies":[{"embeddable":true,"href":"https:\/\/isfp.cz\/2023\/cs\/wp-json\/wp\/v2\/comments?post=512"}],"version-history":[{"count":3,"href":"https:\/\/isfp.cz\/2023\/cs\/wp-json\/wp\/v2\/posts\/512\/revisions"}],"predecessor-version":[{"id":1035,"href":"https:\/\/isfp.cz\/2023\/cs\/wp-json\/wp\/v2\/posts\/512\/revisions\/1035"}],"wp:featuredmedia":[{"embeddable":true,"href":"https:\/\/isfp.cz\/2023\/cs\/wp-json\/wp\/v2\/media\/437"}],"wp:attachment":[{"href":"https:\/\/isfp.cz\/2023\/cs\/wp-json\/wp\/v2\/media?parent=512"}],"wp:term":[{"taxonomy":"category","embeddable":true,"href":"https:\/\/isfp.cz\/2023\/cs\/wp-json\/wp\/v2\/categories?post=512"},{"taxonomy":"post_tag","embeddable":true,"href":"https:\/\/isfp.cz\/2023\/cs\/wp-json\/wp\/v2\/tags?post=512"}],"curies":[{"name":"wp","href":"https:\/\/api.w.org\/{rel}","templated":true}]}}